{"id":12530,"date":"2025-05-21T13:28:00","date_gmt":"2025-05-21T13:28:00","guid":{"rendered":"https:\/\/quintaproperty.com\/?p=12530"},"modified":"2025-11-04T15:25:18","modified_gmt":"2025-11-04T15:25:18","slug":"whats-on-this-season-with-qp-savills-may-june-in-the-algarve","status":"publish","type":"post","link":"https:\/\/quintaproperty.com\/pt\/o-que-ha-nesta-temporada-com-a-qp-savills-em-maio-e-junho-no-algarve\/","title":{"rendered":"O que h\u00e1 nesta temporada com a QP Savills: maio e junho no Algarve"},"content":{"rendered":"<p class=\"wp-block-paragraph\"><strong>O que h\u00e1 nesta temporada com a QP Savills:<\/strong><\/p>\n\n\n\n<p class=\"wp-block-paragraph\"><strong>Maio e junho no Algarve<\/strong><\/p>\n\n\n\n<figure class=\"wp-block-image\"><img decoding=\"async\" src=\"https:\/\/quintaproperty.com\/storage\/logo\/whatsapp-image-2025-05-20-at-183402-ac7a4696.jpg\" alt=\"Imagem do WhatsApp 2025-05-20 \u00e0s 18.34.02_ac7a4696\" \/><\/figure>\n\n\n\n<p class=\"wp-block-paragraph\">Com o in\u00edcio da temporada de ver\u00e3o, a nossa equipa da QP Savills reuniu uma sele\u00e7\u00e3o cuidadosamente escolhida dos melhores eventos locais que acontecem em todo o Algarve. Ap\u00f3s uma primavera invulgarmente chuvosa, estamos entusiasmados por receber o sol e desfrutar de tudo o que esta regi\u00e3o culturalmente rica tem para oferecer.<\/p>\n\n\n\n<p class=\"wp-block-paragraph\">De m\u00fasica e gastronomia a feiras de artesanato e at\u00e9 mesmo uma celebra\u00e7\u00e3o das abelhas \u2013 h\u00e1 algo para todos nesta temporada. D\u00ea uma olhada no que est\u00e1 por vir e n\u00e3o se esque\u00e7a de marcar na sua agenda!<\/p>\n\n\n\n<ul class=\"wp-block-list\">\n<li><strong>In\u00edcio do ver\u00e3o na QP Savills<\/strong><\/li>\n<\/ul>\n\n\n\n<p class=\"wp-block-paragraph\"><em>Escrit\u00f3rio da QP Savills em Loul\u00e9<\/em>&nbsp;|&nbsp;<em>S\u00e1bado, 24 de maio, \u00e0s 10h<\/em><br>Junte-se a n\u00f3s no nosso escrit\u00f3rio em Loul\u00e9 para uma manh\u00e3 descontra\u00edda com bebidas, petiscos e conversas amig\u00e1veis com os nossos especialistas imobili\u00e1rios. \u00c9 a forma perfeita de dar as boas-vindas \u00e0 \u00e9poca de ver\u00e3o e ficar a par das \u00faltimas novidades do mercado imobili\u00e1rio do Algarve.<\/p>\n\n\n\n<ul class=\"wp-block-list\">\n<li><strong>Festa da Espiga<\/strong><\/li>\n<\/ul>\n\n\n\n<p class=\"wp-block-paragraph\"><em>Sair<\/em>&nbsp;|&nbsp;<em>29 a 31 de maio<\/em><br>Este festival tradicional em Salir celebra a heran\u00e7a agr\u00edcola da regi\u00e3o. Espere apresenta\u00e7\u00f5es musicais, artesanato, barracas de comida e um desfile vibrante de encerramento que homenageia a vida rural desta encantadora vila.<\/p>\n\n\n\n<ul class=\"wp-block-list\">\n<li><strong>Vamos \u00e0 Vila<\/strong><\/li>\n<\/ul>\n\n\n\n<p class=\"wp-block-paragraph\"><em>Monchique<\/em>&nbsp;|&nbsp;<em>30 de maio \u2013 1 de junho<\/em><br>Uma celebra\u00e7\u00e3o da gastronomia e cultura locais no cora\u00e7\u00e3o das montanhas de Monchique. Desfrute de enchidos, medronho, mel, doces tradicionais, artesanato, m\u00fasica, arte e muito mais. Uma experi\u00eancia verdadeiramente imersiva no patrim\u00f3nio algarvio.<\/p>\n\n\n\n<ul class=\"wp-block-list\">\n<li><strong>Petiscos do Pescador<\/strong><\/li>\n<\/ul>\n\n\n\n<p class=\"wp-block-paragraph\"><em>Quarteira<\/em>&nbsp;|&nbsp;<em>30 de maio \u2013 1 de junho<\/em><br>Uma homenagem ao mar e \u00e0s tradi\u00e7\u00f5es pesqueiras de Quarteira, este evento conta com tabernas geridas por pescadores locais e suas fam\u00edlias, que servem deliciosos petiscos de marisco. Haver\u00e1 m\u00fasica ao vivo e um ambiente animado ao longo do Passeio das Dunas.<\/p>\n\n\n\n<figure class=\"wp-block-image\"><img decoding=\"async\" src=\"https:\/\/quintaproperty.com\/storage\/logo\/whatsapp-image-2025-05-21-at-090816-a88a6ebb.jpg\" alt=\"Imagem do WhatsApp 2025-05-21 \u00e0s 09:08:16_a88a6ebb\" \/><\/figure>\n\n\n\n<ul class=\"wp-block-list\">\n<li><strong>Festival das Abelhas da Primavera<\/strong><\/li>\n<\/ul>\n\n\n\n<p class=\"wp-block-paragraph\"><em>Jardim Vista<\/em>&nbsp;|&nbsp;<em>31 de maio<\/em><br>Um dia divertido e educativo dedicado \u00e0 conserva\u00e7\u00e3o das abelhas. Desfrute de degusta\u00e7\u00f5es de mel local, barracas ecol\u00f3gicas, comida e bebidas, jogos e atividades para todas as idades \u2013 tudo em apoio aos nossos preciosos polinizadores.<\/p>\n\n\n\n<ul class=\"wp-block-list\">\n<li><strong>Amigos de M\u00fasica \u2013 Concertos finais da temporada<\/strong><\/li>\n<\/ul>\n\n\n\n<p class=\"wp-block-paragraph\"><em>Os Agostos<\/em>&nbsp;|&nbsp;<em>3 a 5 de junho<\/em><br>Uma experi\u00eancia \u00edntima de m\u00fasica de c\u00e2mara com a aclamada pianista georgiana Dudana Mazmanishvili. Realizado no belo cen\u00e1rio do Monte dos Agostos, este \u00e9 o \u00faltimo concerto da temporada da Associa\u00e7\u00e3o de Amigos da M\u00fasica.<\/p>\n\n\n\n<ul class=\"wp-block-list\">\n<li><strong>Carvoeiro Noite Preto e Branco<\/strong><\/li>\n<\/ul>\n\n\n\n<p class=\"wp-block-paragraph\"><em>Carvoeiro<\/em>&nbsp;|&nbsp;<em>21 de junho<\/em><br>Uma das festas de ver\u00e3o mais emblem\u00e1ticas do Algarve! Vista-se de preto e branco e dance a noite toda na praia e nas ruas da cidade, onde m\u00fasica ao vivo e DJs transformam Carvoeiro numa grande festa ao ar livre.<\/p>\n\n\n\n<ul class=\"wp-block-list\">\n<li><strong>Festival MED<\/strong><\/li>\n<\/ul>\n\n\n\n<p class=\"wp-block-paragraph\"><em>Loul\u00e9<\/em>&nbsp;|&nbsp;<em>26 a 29 de junho<\/em><br>Um festival de m\u00fasica mundialmente conhecido que celebra a diversidade cultural atrav\u00e9s da m\u00fasica, gastronomia, artes visuais, dan\u00e7a, teatro e muito mais. Com artistas de todo o mundo a atuarem no cora\u00e7\u00e3o de Loul\u00e9, este \u00e9 um verdadeiro destaque do ver\u00e3o algarvio.<\/p>\n\n\n\n<p class=\"wp-block-paragraph\"><strong>Como especialistas locais que vivem e trabalham nesta bela regi\u00e3o, adoramos ver a nossa comunidade ganhar vida durante os meses de ver\u00e3o. Esperamos que esta lista o inspire a explorar mais o Algarve e, quem sabe, talvez nos encontremos num destes eventos incr\u00edveis!<\/strong><\/p>\n\n\n\n<p class=\"wp-block-paragraph\"><strong>Fique atento \u2013 em breve partilharemos outro blogue com as nossas principais sugest\u00f5es de eventos que acontecer\u00e3o no Algarve em julho e agosto. H\u00e1 muito mais para se esperar neste ver\u00e3o!<\/strong><\/p>","protected":false},"excerpt":{"rendered":"<p>Comece o ver\u00e3o com um guia elaborado pela QP Savills sobre os melhores eventos locais no Algarve, em maio e junho. Desde festivais animados e feiras gastron\u00f3micas at\u00e9 m\u00fasica, mercados e celebra\u00e7\u00f5es comunit\u00e1rias, reunimos tudo o que precisa para aproveitar ao m\u00e1ximo esta \u00e9poca. Mergulhe no\u2026<\/p>","protected":false},"author":9,"featured_media":12532,"comment_status":"closed","ping_status":"closed","sticky":false,"template":"","format":"standard","meta":{"_acf_changed":false,"_testimonial_rating":0,"ocean_front_end_style_editor":"no","ocean_post_layout":"","ocean_both_sidebars_style":"","ocean_both_sidebars_content_width":0,"ocean_both_sidebars_sidebars_width":0,"ocean_sidebar":"","ocean_second_sidebar":"","ocean_disable_margins":"enable","ocean_add_body_class":"","ocean_shortcode_before_top_bar":"","ocean_shortcode_after_top_bar":"","ocean_shortcode_before_header":"","ocean_shortcode_after_header":"","ocean_has_shortcode":"","ocean_shortcode_after_title":"","ocean_shortcode_before_footer_widgets":"","ocean_shortcode_after_footer_widgets":"","ocean_shortcode_before_footer_bottom":"","ocean_shortcode_after_footer_bottom":"","ocean_display_top_bar":"default","ocean_display_header":"default","ocean_header_style":"","ocean_center_header_left_menu":"","ocean_custom_header_template":"","ocean_custom_logo":0,"ocean_custom_retina_logo":0,"ocean_custom_logo_max_width":0,"ocean_custom_logo_tablet_max_width":0,"ocean_custom_logo_mobile_max_width":0,"ocean_custom_logo_max_height":0,"ocean_custom_logo_tablet_max_height":0,"ocean_custom_logo_mobile_max_height":0,"ocean_header_custom_menu":"","ocean_menu_typo_font_family":"","ocean_menu_typo_font_subset":"","ocean_menu_typo_font_size":0,"ocean_menu_typo_font_size_tablet":0,"ocean_menu_typo_font_size_mobile":0,"ocean_menu_typo_font_size_unit":"px","ocean_menu_typo_font_weight":"","ocean_menu_typo_font_weight_tablet":"","ocean_menu_typo_font_weight_mobile":"","ocean_menu_typo_transform":"","ocean_menu_typo_transform_tablet":"","ocean_menu_typo_transform_mobile":"","ocean_menu_typo_line_height":0,"ocean_menu_typo_line_height_tablet":0,"ocean_menu_typo_line_height_mobile":0,"ocean_menu_typo_line_height_unit":"","ocean_menu_typo_spacing":0,"ocean_menu_typo_spacing_tablet":0,"ocean_menu_typo_spacing_mobile":0,"ocean_menu_typo_spacing_unit":"","ocean_menu_link_color":"","ocean_menu_link_color_hover":"","ocean_menu_link_color_active":"","ocean_menu_link_background":"","ocean_menu_link_hover_background":"","ocean_menu_link_active_background":"","ocean_menu_social_links_bg":"","ocean_menu_social_hover_links_bg":"","ocean_menu_social_links_color":"","ocean_menu_social_hover_links_color":"","ocean_disable_title":"default","ocean_disable_heading":"default","ocean_post_title":"","ocean_post_subheading":"","ocean_post_title_style":"","ocean_post_title_background_color":"","ocean_post_title_background":0,"ocean_post_title_bg_image_position":"","ocean_post_title_bg_image_attachment":"","ocean_post_title_bg_image_repeat":"","ocean_post_title_bg_image_size":"","ocean_post_title_height":0,"ocean_post_title_bg_overlay":0.5,"ocean_post_title_bg_overlay_color":"","ocean_disable_breadcrumbs":"default","ocean_breadcrumbs_color":"","ocean_breadcrumbs_separator_color":"","ocean_breadcrumbs_links_color":"","ocean_breadcrumbs_links_hover_color":"","ocean_display_footer_widgets":"default","ocean_display_footer_bottom":"default","ocean_custom_footer_template":"","ocean_post_oembed":"","ocean_post_self_hosted_media":"","ocean_post_video_embed":"","ocean_link_format":"","ocean_link_format_target":"self","ocean_quote_format":"","ocean_quote_format_link":"post","ocean_gallery_link_images":"on","ocean_gallery_id":[],"footnotes":""},"categories":[238,1],"tags":[],"class_list":["post-12530","post","type-post","status-publish","format-standard","has-post-thumbnail","hentry","category-blog-and-news","category-uncategorized","entry","has-media"],"aioseo_notices":[],"aioseo_head":"\n\t\t<!-- All in One SEO Pro 5.0.1.1 - aioseo.com -->\n\t<meta name=\"description\" content=\"Discover the best Algarve events this June in the Algarve \u2014 from food festivals to music and culture. Explore QP Savills\u2019 insider picks for the season ahead.\" \/>\n\t<meta name=\"robots\" content=\"max-image-preview:large\" \/>\n\t<meta name=\"author\" content=\"Dev\"\/>\n\t<meta name=\"google-site-verification\" content=\"6nvDzyG7S6Dd8Bjw5lnlxomkGGH0XRuNFOCcGoub36Y\" \/>\n\t<link rel=\"canonical\" href=\"https:\/\/quintaproperty.com\/pt\/o-que-ha-nesta-temporada-com-a-qp-savills-em-maio-e-junho-no-algarve\/\" \/>\n\t<meta name=\"generator\" content=\"All in One SEO Pro (AIOSEO) 5.0.1.1\" \/>\n\t\t<meta property=\"og:locale\" content=\"pt_PT\" \/>\n\t\t<meta property=\"og:site_name\" content=\"QP Savills \u2013 QP Savills\" \/>\n\t\t<meta property=\"og:type\" content=\"article\" \/>\n\t\t<meta property=\"og:title\" content=\"June in the Algarve 2025 | QP Savills Guide\" \/>\n\t\t<meta property=\"og:description\" content=\"Discover the best Algarve events this June in the Algarve \u2014 from food festivals to music and culture. Explore QP Savills\u2019 insider picks for the season ahead.\" \/>\n\t\t<meta property=\"og:url\" content=\"https:\/\/quintaproperty.com\/pt\/o-que-ha-nesta-temporada-com-a-qp-savills-em-maio-e-junho-no-algarve\/\" \/>\n\t\t<meta property=\"og:image\" content=\"https:\/\/quintaproperty.com\/wp-content\/uploads\/2025\/09\/whatsapp-image-2025-05-20-at-183402-ac7a4696-1.jpg\" \/>\n\t\t<meta property=\"og:image:secure_url\" content=\"https:\/\/quintaproperty.com\/wp-content\/uploads\/2025\/09\/whatsapp-image-2025-05-20-at-183402-ac7a4696-1.jpg\" \/>\n\t\t<meta property=\"og:image:width\" content=\"1143\" \/>\n\t\t<meta property=\"og:image:height\" content=\"1429\" \/>\n\t\t<meta property=\"article:published_time\" content=\"2025-05-21T13:28:00+00:00\" \/>\n\t\t<meta property=\"article:modified_time\" content=\"2025-11-04T15:25:18+00:00\" \/>\n\t\t<meta property=\"article:publisher\" content=\"https:\/\/www.facebook.com\/QPSavills\/\" \/>\n\t\t<meta name=\"twitter:card\" content=\"summary_large_image\" \/>\n\t\t<meta name=\"twitter:title\" content=\"June in the Algarve 2025 | QP Savills Guide\" \/>\n\t\t<meta name=\"twitter:description\" content=\"Discover the best Algarve events this June in the Algarve \u2014 from food festivals to music and culture. Explore QP Savills\u2019 insider picks for the season ahead.\" \/>\n\t\t<meta name=\"twitter:image\" content=\"https:\/\/quintaproperty.com\/wp-content\/uploads\/2025\/09\/whatsapp-image-2025-05-20-at-183402-ac7a4696-1.jpg\" \/>\n\t\t<script type=\"application\/ld+json\" class=\"aioseo-schema\">\n\t\t\t{\"@context\":\"https:\\\/\\\/schema.org\",\"@graph\":[{\"@type\":\"BlogPosting\",\"@id\":\"https:\\\/\\\/quintaproperty.com\\\/pt\\\/o-que-ha-nesta-temporada-com-a-qp-savills-em-maio-e-junho-no-algarve\\\/#blogposting\",\"name\":\"June in the Algarve 2025 | QP Savills Guide\",\"headline\":\"What\\u2019s On This Season with QP Savills: May &amp; June in the Algarve\",\"author\":{\"@id\":\"https:\\\/\\\/quintaproperty.com\\\/pt\\\/author\\\/dev\\\/#author\"},\"publisher\":{\"@id\":\"https:\\\/\\\/quintaproperty.com\\\/pt\\\/#organization\"},\"image\":{\"@type\":\"ImageObject\",\"url\":\"https:\\\/\\\/quintaproperty.com\\\/wp-content\\\/uploads\\\/2025\\\/09\\\/whatsapp-image-2025-05-20-at-183402-ac7a4696-1.jpg\",\"width\":1143,\"height\":1429,\"caption\":\"A lively street festival at night with musicians performing among a cheerful crowd under string lights.\"},\"datePublished\":\"2025-05-21T13:28:00+00:00\",\"dateModified\":\"2025-11-04T15:25:18+00:00\",\"inLanguage\":\"pt-PT\",\"mainEntityOfPage\":{\"@id\":\"https:\\\/\\\/quintaproperty.com\\\/pt\\\/o-que-ha-nesta-temporada-com-a-qp-savills-em-maio-e-junho-no-algarve\\\/#webpage\"},\"isPartOf\":{\"@id\":\"https:\\\/\\\/quintaproperty.com\\\/pt\\\/o-que-ha-nesta-temporada-com-a-qp-savills-em-maio-e-junho-no-algarve\\\/#webpage\"},\"articleSection\":\"Blog and News, Uncategorized\"},{\"@type\":\"BreadcrumbList\",\"@id\":\"https:\\\/\\\/quintaproperty.com\\\/pt\\\/o-que-ha-nesta-temporada-com-a-qp-savills-em-maio-e-junho-no-algarve\\\/#breadcrumblist\",\"itemListElement\":[{\"@type\":\"ListItem\",\"@id\":\"https:\\\/\\\/quintaproperty.com\\\/pt\\\/#listItem\",\"position\":1,\"name\":\"Home\",\"item\":\"https:\\\/\\\/quintaproperty.com\\\/pt\\\/\",\"nextItem\":{\"@type\":\"ListItem\",\"@id\":\"https:\\\/\\\/quintaproperty.com\\\/pt\\\/category\\\/sem-categoria\\\/#listItem\",\"name\":\"Uncategorized\"}},{\"@type\":\"ListItem\",\"@id\":\"https:\\\/\\\/quintaproperty.com\\\/pt\\\/category\\\/sem-categoria\\\/#listItem\",\"position\":2,\"name\":\"Uncategorized\",\"item\":\"https:\\\/\\\/quintaproperty.com\\\/pt\\\/category\\\/sem-categoria\\\/\",\"nextItem\":{\"@type\":\"ListItem\",\"@id\":\"https:\\\/\\\/quintaproperty.com\\\/pt\\\/o-que-ha-nesta-temporada-com-a-qp-savills-em-maio-e-junho-no-algarve\\\/#listItem\",\"name\":\"What\\u2019s On This Season with QP Savills: May &amp; June in the Algarve\"},\"previousItem\":{\"@type\":\"ListItem\",\"@id\":\"https:\\\/\\\/quintaproperty.com\\\/pt\\\/#listItem\",\"name\":\"Home\"}},{\"@type\":\"ListItem\",\"@id\":\"https:\\\/\\\/quintaproperty.com\\\/pt\\\/o-que-ha-nesta-temporada-com-a-qp-savills-em-maio-e-junho-no-algarve\\\/#listItem\",\"position\":3,\"name\":\"What\\u2019s On This Season with QP Savills: May &amp; June in the Algarve\",\"previousItem\":{\"@type\":\"ListItem\",\"@id\":\"https:\\\/\\\/quintaproperty.com\\\/pt\\\/category\\\/sem-categoria\\\/#listItem\",\"name\":\"Uncategorized\"}}]},{\"@type\":\"Organization\",\"@id\":\"https:\\\/\\\/quintaproperty.com\\\/pt\\\/#organization\",\"name\":\"QP Savills\",\"description\":\"QP Savills\",\"url\":\"https:\\\/\\\/quintaproperty.com\\\/pt\\\/\",\"telephone\":\"+351289396073\",\"logo\":{\"@type\":\"ImageObject\",\"url\":\"https:\\\/\\\/quintaproperty.com\\\/wp-content\\\/uploads\\\/2025\\\/07\\\/cropped-qp-savills-logo-3-1.png\",\"@id\":\"https:\\\/\\\/quintaproperty.com\\\/pt\\\/o-que-ha-nesta-temporada-com-a-qp-savills-em-maio-e-junho-no-algarve\\\/#organizationLogo\",\"width\":600,\"height\":231,\"caption\":\"quinta properties\"},\"image\":{\"@id\":\"https:\\\/\\\/quintaproperty.com\\\/pt\\\/o-que-ha-nesta-temporada-com-a-qp-savills-em-maio-e-junho-no-algarve\\\/#organizationLogo\"},\"sameAs\":[\"https:\\\/\\\/www.instagram.com\\\/qpsavills\\\/\",\"https:\\\/\\\/www.facebook.com\\\/QPSavills\\\/\",\"https:\\\/\\\/www.linkedin.com\\\/company\\\/qp-savills\\\/\",\"https:\\\/\\\/www.youtube.com\\\/@qpsavills\",\"https:\\\/\\\/www.savills.com\\\/\"],\"knowsLanguage\":[\"en\",\"pt\",\"fr\",\"de\"],\"areaServed\":{\"@type\":\"Place\",\"name\":\"Algarve, Portugal\"}},{\"@type\":\"Person\",\"@id\":\"https:\\\/\\\/quintaproperty.com\\\/pt\\\/author\\\/dev\\\/#author\",\"url\":\"https:\\\/\\\/quintaproperty.com\\\/pt\\\/author\\\/dev\\\/\",\"name\":\"Dev\"},{\"@type\":\"WebPage\",\"@id\":\"https:\\\/\\\/quintaproperty.com\\\/pt\\\/o-que-ha-nesta-temporada-com-a-qp-savills-em-maio-e-junho-no-algarve\\\/#webpage\",\"url\":\"https:\\\/\\\/quintaproperty.com\\\/pt\\\/o-que-ha-nesta-temporada-com-a-qp-savills-em-maio-e-junho-no-algarve\\\/\",\"name\":\"June in the Algarve 2025 | QP Savills Guide\",\"description\":\"Discover the best Algarve events this June in the Algarve \\u2014 from food festivals to music and culture. Explore QP Savills\\u2019 insider picks for the season ahead.\",\"inLanguage\":\"pt-PT\",\"isPartOf\":{\"@id\":\"https:\\\/\\\/quintaproperty.com\\\/pt\\\/#website\"},\"breadcrumb\":{\"@id\":\"https:\\\/\\\/quintaproperty.com\\\/pt\\\/o-que-ha-nesta-temporada-com-a-qp-savills-em-maio-e-junho-no-algarve\\\/#breadcrumblist\"},\"author\":{\"@id\":\"https:\\\/\\\/quintaproperty.com\\\/pt\\\/author\\\/dev\\\/#author\"},\"creator\":{\"@id\":\"https:\\\/\\\/quintaproperty.com\\\/pt\\\/author\\\/dev\\\/#author\"},\"image\":{\"@type\":\"ImageObject\",\"url\":\"https:\\\/\\\/quintaproperty.com\\\/wp-content\\\/uploads\\\/2025\\\/09\\\/whatsapp-image-2025-05-20-at-183402-ac7a4696-1.jpg\",\"@id\":\"https:\\\/\\\/quintaproperty.com\\\/pt\\\/o-que-ha-nesta-temporada-com-a-qp-savills-em-maio-e-junho-no-algarve\\\/#mainImage\",\"width\":1143,\"height\":1429,\"caption\":\"A lively street festival at night with musicians performing among a cheerful crowd under string lights.\"},\"primaryImageOfPage\":{\"@id\":\"https:\\\/\\\/quintaproperty.com\\\/pt\\\/o-que-ha-nesta-temporada-com-a-qp-savills-em-maio-e-junho-no-algarve\\\/#mainImage\"},\"datePublished\":\"2025-05-21T13:28:00+00:00\",\"dateModified\":\"2025-11-04T15:25:18+00:00\"},{\"@type\":\"WebSite\",\"@id\":\"https:\\\/\\\/quintaproperty.com\\\/pt\\\/#website\",\"url\":\"https:\\\/\\\/quintaproperty.com\\\/pt\\\/\",\"name\":\"QP Savills\",\"description\":\"QP Savills\",\"inLanguage\":\"pt-PT\",\"publisher\":{\"@id\":\"https:\\\/\\\/quintaproperty.com\\\/pt\\\/#organization\"},\"potentialAction\":{\"@type\":\"SearchAction\",\"target\":{\"@type\":\"EntryPoint\",\"urlTemplate\":\"https:\\\/\\\/quintaproperty.com\\\/?s={search_term_string}\"},\"query-input\":\"required name=search_term_string\"}}]}\n\t\t<\/script>\n\t\t<!-- All in One SEO Pro -->\r\n\t\t<title>June in the Algarve 2025 | QP Savills Guide<\/title>\n\n","aioseo_head_json":{"title":"Junho no Algarve 2025 | Guia QP Savills","description":"Descubra os melhores eventos do Algarve neste m\u00eas de junho \u2014 desde festivais gastron\u00f3micos a m\u00fasica e cultura. Explore as sugest\u00f5es da QP Savills para a pr\u00f3xima temporada.","canonical_url":"https:\/\/quintaproperty.com\/pt\/o-que-ha-nesta-temporada-com-a-qp-savills-em-maio-e-junho-no-algarve\/","robots":"max-image-preview:large","keywords":"","webmasterTools":{"google-site-verification":"6nvDzyG7S6Dd8Bjw5lnlxomkGGH0XRuNFOCcGoub36Y","miscellaneous":""},"schema":{"@context":"https:\/\/schema.org","@graph":[{"@type":"BlogPosting","@id":"https:\/\/quintaproperty.com\/pt\/o-que-ha-nesta-temporada-com-a-qp-savills-em-maio-e-junho-no-algarve\/#blogposting","name":"June in the Algarve 2025 | QP Savills Guide","headline":"What\u2019s On This Season with QP Savills: May &amp; June in the Algarve","author":{"@id":"https:\/\/quintaproperty.com\/pt\/author\/dev\/#author"},"publisher":{"@id":"https:\/\/quintaproperty.com\/pt\/#organization"},"image":{"@type":"ImageObject","url":"https:\/\/quintaproperty.com\/wp-content\/uploads\/2025\/09\/whatsapp-image-2025-05-20-at-183402-ac7a4696-1.jpg","width":1143,"height":1429,"caption":"A lively street festival at night with musicians performing among a cheerful crowd under string lights."},"datePublished":"2025-05-21T13:28:00+00:00","dateModified":"2025-11-04T15:25:18+00:00","inLanguage":"pt-PT","mainEntityOfPage":{"@id":"https:\/\/quintaproperty.com\/pt\/o-que-ha-nesta-temporada-com-a-qp-savills-em-maio-e-junho-no-algarve\/#webpage"},"isPartOf":{"@id":"https:\/\/quintaproperty.com\/pt\/o-que-ha-nesta-temporada-com-a-qp-savills-em-maio-e-junho-no-algarve\/#webpage"},"articleSection":"Blog and News, Uncategorized"},{"@type":"BreadcrumbList","@id":"https:\/\/quintaproperty.com\/pt\/o-que-ha-nesta-temporada-com-a-qp-savills-em-maio-e-junho-no-algarve\/#breadcrumblist","itemListElement":[{"@type":"ListItem","@id":"https:\/\/quintaproperty.com\/pt\/#listItem","position":1,"name":"Home","item":"https:\/\/quintaproperty.com\/pt\/","nextItem":{"@type":"ListItem","@id":"https:\/\/quintaproperty.com\/pt\/category\/sem-categoria\/#listItem","name":"Uncategorized"}},{"@type":"ListItem","@id":"https:\/\/quintaproperty.com\/pt\/category\/sem-categoria\/#listItem","position":2,"name":"Uncategorized","item":"https:\/\/quintaproperty.com\/pt\/category\/sem-categoria\/","nextItem":{"@type":"ListItem","@id":"https:\/\/quintaproperty.com\/pt\/o-que-ha-nesta-temporada-com-a-qp-savills-em-maio-e-junho-no-algarve\/#listItem","name":"What\u2019s On This Season with QP Savills: May &amp; June in the Algarve"},"previousItem":{"@type":"ListItem","@id":"https:\/\/quintaproperty.com\/pt\/#listItem","name":"Home"}},{"@type":"ListItem","@id":"https:\/\/quintaproperty.com\/pt\/o-que-ha-nesta-temporada-com-a-qp-savills-em-maio-e-junho-no-algarve\/#listItem","position":3,"name":"What\u2019s On This Season with QP Savills: May &amp; June in the Algarve","previousItem":{"@type":"ListItem","@id":"https:\/\/quintaproperty.com\/pt\/category\/sem-categoria\/#listItem","name":"Uncategorized"}}]},{"@type":"Organization","@id":"https:\/\/quintaproperty.com\/pt\/#organization","name":"QP Savills","description":"QP Savills","url":"https:\/\/quintaproperty.com\/pt\/","telephone":"+351289396073","logo":{"@type":"ImageObject","url":"https:\/\/quintaproperty.com\/wp-content\/uploads\/2025\/07\/cropped-qp-savills-logo-3-1.png","@id":"https:\/\/quintaproperty.com\/pt\/o-que-ha-nesta-temporada-com-a-qp-savills-em-maio-e-junho-no-algarve\/#organizationLogo","width":600,"height":231,"caption":"quinta properties"},"image":{"@id":"https:\/\/quintaproperty.com\/pt\/o-que-ha-nesta-temporada-com-a-qp-savills-em-maio-e-junho-no-algarve\/#organizationLogo"},"sameAs":["https:\/\/www.instagram.com\/qpsavills\/","https:\/\/www.facebook.com\/QPSavills\/","https:\/\/www.linkedin.com\/company\/qp-savills\/","https:\/\/www.youtube.com\/@qpsavills","https:\/\/www.savills.com\/"],"knowsLanguage":["en","pt","fr","de"],"areaServed":{"@type":"Place","name":"Algarve, Portugal"}},{"@type":"Person","@id":"https:\/\/quintaproperty.com\/pt\/author\/dev\/#author","url":"https:\/\/quintaproperty.com\/pt\/author\/dev\/","name":"Dev"},{"@type":"WebPage","@id":"https:\/\/quintaproperty.com\/pt\/o-que-ha-nesta-temporada-com-a-qp-savills-em-maio-e-junho-no-algarve\/#webpage","url":"https:\/\/quintaproperty.com\/pt\/o-que-ha-nesta-temporada-com-a-qp-savills-em-maio-e-junho-no-algarve\/","name":"June in the Algarve 2025 | QP Savills Guide","description":"Discover the best Algarve events this June in the Algarve \u2014 from food festivals to music and culture. Explore QP Savills\u2019 insider picks for the season ahead.","inLanguage":"pt-PT","isPartOf":{"@id":"https:\/\/quintaproperty.com\/pt\/#website"},"breadcrumb":{"@id":"https:\/\/quintaproperty.com\/pt\/o-que-ha-nesta-temporada-com-a-qp-savills-em-maio-e-junho-no-algarve\/#breadcrumblist"},"author":{"@id":"https:\/\/quintaproperty.com\/pt\/author\/dev\/#author"},"creator":{"@id":"https:\/\/quintaproperty.com\/pt\/author\/dev\/#author"},"image":{"@type":"ImageObject","url":"https:\/\/quintaproperty.com\/wp-content\/uploads\/2025\/09\/whatsapp-image-2025-05-20-at-183402-ac7a4696-1.jpg","@id":"https:\/\/quintaproperty.com\/pt\/o-que-ha-nesta-temporada-com-a-qp-savills-em-maio-e-junho-no-algarve\/#mainImage","width":1143,"height":1429,"caption":"A lively street festival at night with musicians performing among a cheerful crowd under string lights."},"primaryImageOfPage":{"@id":"https:\/\/quintaproperty.com\/pt\/o-que-ha-nesta-temporada-com-a-qp-savills-em-maio-e-junho-no-algarve\/#mainImage"},"datePublished":"2025-05-21T13:28:00+00:00","dateModified":"2025-11-04T15:25:18+00:00"},{"@type":"WebSite","@id":"https:\/\/quintaproperty.com\/pt\/#website","url":"https:\/\/quintaproperty.com\/pt\/","name":"QP Savills","description":"QP Savills","inLanguage":"pt-PT","publisher":{"@id":"https:\/\/quintaproperty.com\/pt\/#organization"},"potentialAction":{"@type":"SearchAction","target":{"@type":"EntryPoint","urlTemplate":"https:\/\/quintaproperty.com\/?s={search_term_string}"},"query-input":"required name=search_term_string"}}]},"og:locale":"pt_PT","og:site_name":"QP Savills \u2013 QP Savills","og:type":"article","og:title":"June in the Algarve 2025 | QP Savills Guide","og:description":"Discover the best Algarve events this June in the Algarve \u2014 from food festivals to music and culture. Explore QP Savills\u2019 insider picks for the season ahead.","og:url":"https:\/\/quintaproperty.com\/pt\/o-que-ha-nesta-temporada-com-a-qp-savills-em-maio-e-junho-no-algarve\/","og:image":"https:\/\/quintaproperty.com\/wp-content\/uploads\/2025\/09\/whatsapp-image-2025-05-20-at-183402-ac7a4696-1.jpg","og:image:secure_url":"https:\/\/quintaproperty.com\/wp-content\/uploads\/2025\/09\/whatsapp-image-2025-05-20-at-183402-ac7a4696-1.jpg","og:image:width":1143,"og:image:height":1429,"article:published_time":"2025-05-21T13:28:00+00:00","article:modified_time":"2025-11-04T15:25:18+00:00","article:publisher":"https:\/\/www.facebook.com\/QPSavills\/","twitter:card":"summary_large_image","twitter:title":"June in the Algarve 2025 | QP Savills Guide","twitter:description":"Discover the best Algarve events this June in the Algarve \u2014 from food festivals to music and culture. Explore QP Savills\u2019 insider picks for the season ahead.","twitter:image":"https:\/\/quintaproperty.com\/wp-content\/uploads\/2025\/09\/whatsapp-image-2025-05-20-at-183402-ac7a4696-1.jpg"},"aioseo_meta_data":{"post_id":"12530","title":"Junho no Algarve 2025 | Guia QP Savills","description":"Descubra os melhores eventos do Algarve neste m\u00eas de junho \u2014 desde festivais gastron\u00f3micos a m\u00fasica e cultura. Explore as sugest\u00f5es da QP Savills para a pr\u00f3xima temporada.","keywords":null,"keyphrases":{"focus":{"keyphrase":"June in the Algarve","score":64,"analysis":{"keyphraseInTitle":{"score":9,"maxScore":9,"error":0},"keyphraseInDescription":{"score":9,"maxScore":9,"error":0},"keyphraseLength":{"score":9,"maxScore":9,"error":0,"length":4},"keyphraseInURL":{"score":5,"maxScore":5,"error":0},"keyphraseInIntroduction":{"score":3,"maxScore":9,"error":1},"keyphraseInSubHeadings":[],"keyphraseInImageAlt":{"score":3,"maxScore":9,"error":1},"keywordDensity":{"score":0,"type":"low","maxScore":9,"error":1}}},"additional":[]},"primary_term":null,"canonical_url":null,"og_title":null,"og_description":null,"og_object_type":"default","og_image_type":"default","og_image_url":null,"og_image_width":null,"og_image_height":null,"og_image_custom_url":null,"og_image_custom_fields":null,"og_video":"","og_custom_url":null,"og_article_section":null,"og_article_tags":null,"twitter_use_og":false,"twitter_card":"default","twitter_image_type":"default","twitter_image_url":null,"twitter_image_custom_url":null,"twitter_image_custom_fields":null,"twitter_title":null,"twitter_description":null,"schema":{"blockGraphs":[],"customGraphs":[],"default":{"data":{"Article":[],"Course":[],"Dataset":[],"FAQPage":[],"Movie":[],"Person":[],"Product":[],"ProductReview":[],"Car":[],"Recipe":[],"Service":[],"SoftwareApplication":[],"WebPage":[]},"graphName":"BlogPosting","isEnabled":true},"graphs":[]},"schema_type":"default","schema_type_options":null,"pillar_content":false,"robots_default":true,"robots_noindex":false,"robots_noarchive":false,"robots_nosnippet":false,"robots_nofollow":false,"robots_noimageindex":false,"robots_noodp":false,"robots_notranslate":false,"robots_max_snippet":"-1","robots_max_videopreview":"-1","robots_max_imagepreview":"large","priority":null,"frequency":"default","local_seo":null,"seo_analyzer_scan_date":"2026-05-12 19:48:11","breadcrumb_settings":null,"limit_modified_date":false,"open_ai":null,"ai":{"faqs":[],"keyPoints":[],"titles":[],"descriptions":[],"socialPosts":{"email":[],"linkedin":[],"twitter":[],"facebook":[],"instagram":[]}},"created":"2025-10-14 12:32:59","updated":"2026-05-12 19:48:11","focus_keyword":"June in the Algarve","additional_keywords":null,"truseo_locale":null},"aioseo_breadcrumb":"<div class=\"aioseo-breadcrumbs\"><span class=\"aioseo-breadcrumb\">\n\t<a href=\"https:\/\/quintaproperty.com\/pt\/\" title=\"Home\">Home<\/a>\n<\/span><span class=\"aioseo-breadcrumb-separator\">&raquo;<\/span><span class=\"aioseo-breadcrumb\">\n\t<a href=\"https:\/\/quintaproperty.com\/pt\/category\/sem-categoria\/\" title=\"Uncategorized\">Uncategorized<\/a>\n<\/span><span class=\"aioseo-breadcrumb-separator\">&raquo;<\/span><span class=\"aioseo-breadcrumb\">\n\tWhat\u2019s On This Season with QP Savills: May &amp; June in the Algarve\n<\/span><\/div>","aioseo_breadcrumb_json":[{"label":"Home","link":"https:\/\/quintaproperty.com\/pt\/"},{"label":"Uncategorized","link":"https:\/\/quintaproperty.com\/pt\/category\/sem-categoria\/"},{"label":"What\u2019s On This Season with QP Savills: May &amp; June in the Algarve","link":"https:\/\/quintaproperty.com\/pt\/o-que-ha-nesta-temporada-com-a-qp-savills-em-maio-e-junho-no-algarve\/"}],"acf":[],"_links":{"self":[{"href":"https:\/\/quintaproperty.com\/pt\/wp-json\/wp\/v2\/posts\/12530","targetHints":{"allow":["GET"]}}],"collection":[{"href":"https:\/\/quintaproperty.com\/pt\/wp-json\/wp\/v2\/posts"}],"about":[{"href":"https:\/\/quintaproperty.com\/pt\/wp-json\/wp\/v2\/types\/post"}],"author":[{"embeddable":true,"href":"https:\/\/quintaproperty.com\/pt\/wp-json\/wp\/v2\/users\/9"}],"replies":[{"embeddable":true,"href":"https:\/\/quintaproperty.com\/pt\/wp-json\/wp\/v2\/comments?post=12530"}],"version-history":[{"count":0,"href":"https:\/\/quintaproperty.com\/pt\/wp-json\/wp\/v2\/posts\/12530\/revisions"}],"wp:featuredmedia":[{"embeddable":true,"href":"https:\/\/quintaproperty.com\/pt\/wp-json\/wp\/v2\/media\/12532"}],"wp:attachment":[{"href":"https:\/\/quintaproperty.com\/pt\/wp-json\/wp\/v2\/media?parent=12530"}],"wp:term":[{"taxonomy":"category","embeddable":true,"href":"https:\/\/quintaproperty.com\/pt\/wp-json\/wp\/v2\/categories?post=12530"},{"taxonomy":"post_tag","embeddable":true,"href":"https:\/\/quintaproperty.com\/pt\/wp-json\/wp\/v2\/tags?post=12530"}],"curies":[{"name":"wp","href":"https:\/\/api.w.org\/{rel}","templated":true}]}}